{"id":4544,"date":"2025-12-12T14:41:19","date_gmt":"2025-12-12T17:41:19","guid":{"rendered":"https:\/\/www.ergil.com.br\/blog\/?p=4544"},"modified":"2025-12-12T14:41:21","modified_gmt":"2025-12-12T17:41:21","slug":"mercado-imobiliario-2026","status":"publish","type":"post","link":"https:\/\/www.ergil.com.br\/blog\/mercado-imobiliario-2026\/","title":{"rendered":"Previs\u00f5es mercado imobili\u00e1rio 2026: Veja como ser\u00e1 o pr\u00f3ximo ano!\u00a0"},"content":{"rendered":"\n<p>O mercado imobili\u00e1rio brasileiro est\u00e1 se preparando para um 2026 repleto de <strong>boas not\u00edcias e oportunidades<\/strong> para voc\u00ea e sua fam\u00edlia.&nbsp;<\/p>\n\n\n\n<p><strong>As proje\u00e7\u00f5es apontam para um ambiente de maior solidez econ\u00f4mica, transformando este ano no momento ideal para realizar o sonho da casa pr\u00f3pria ou fazer um investimento inteligente e seguro<\/strong>.&nbsp;<\/p>\n\n\n\n<p>Para n\u00f3s, da <strong>Ergil Constru\u00e7\u00f5es<\/strong>, o foco \u00e9 garantir que essa jornada seja marcada pela excel\u00eancia, inova\u00e7\u00e3o e, acima de tudo, pela satisfa\u00e7\u00e3o dos nossos clientes.<\/p>\n\n\n\n<h2 class=\"wp-block-heading\">A chave da confian\u00e7a: facilidade e acessibilidade na compra<\/h2>\n\n\n\n<p>Em 2026, a palavra de ordem ser\u00e1 acessibilidade. <strong>O mercado imobili\u00e1rio tende a se apresentar mais adaptado e preparado para facilitar o processo de compra, impulsionado pela crescente busca por moradias de qualidade<\/strong>. Esse movimento estimula a cria\u00e7\u00e3o de solu\u00e7\u00f5es financeiras mais flex\u00edveis e alinhadas \u00e0s necessidades dos compradores.<\/p>\n\n\n\n<p><strong>A expectativa \u00e9 de maior facilidade nas <\/strong><a href=\"https:\/\/www.ergil.com.br\/blog\/ranking-serasa-financiamento\/\"><strong>condi\u00e7\u00f5es de financiament<\/strong><\/a><strong>o, com op\u00e7\u00f5es personalizadas que combinam entradas ajust\u00e1veis e parcelamentos mais compat\u00edveis com diferentes planejamentos financeiros<\/strong>. Esse cen\u00e1rio torna o caminho at\u00e9 a aquisi\u00e7\u00e3o do im\u00f3vel mais fluido, transparente e menos burocr\u00e1tico, favorecendo decis\u00f5es seguras e melhor estruturadas.<\/p>\n\n\n\n<p><strong>O im\u00f3vel residencial continua se consolidando como um dos investimentos mais seguros e est\u00e1veis do mercado, preservando o patrim\u00f4nio e apresentando grande potencial de valoriza\u00e7\u00e3o ao longo do tempo<\/strong>. Com a confian\u00e7a voltada para o setor, o momento se mostra prop\u00edcio para analisar projetos que re\u00fanam localiza\u00e7\u00e3o estrat\u00e9gica, qualidade construtiva e perspectivas reais de valoriza\u00e7\u00e3o.<\/p>\n\n\n\n<h2 class=\"wp-block-heading\">Inova\u00e7\u00e3o e sustentabilidade&nbsp;<\/h2>\n\n\n\n<p>A qualidade de vida e a funcionalidade devem se consolidar como grandes diferenciais dos empreendimentos em 2026. A busca por lares mais eficientes, confort\u00e1veis e alinhados \u00e0s demandas ambientais impulsiona projetos que adotam o conceito de Constru\u00e7\u00e3o Inteligente.<\/p>\n\n\n\n<p>Esse movimento se reflete na economia do dia a dia, com o uso cada vez mais frequente de <strong>tecnologias de efici\u00eancia energ\u00e9tica, sistemas de reuso de \u00e1gua e solu\u00e7\u00f5es que reduzem o consumo e tornam as despesas mensais mais equilibradas.<\/strong>&nbsp;<\/p>\n\n\n\n<p>Esse conjunto de avan\u00e7os reafirma uma tend\u00eancia clara: os empreendimentos passam a unir sustentabilidade, efici\u00eancia e intelig\u00eancia construtiva para atender \u00e0s exig\u00eancias de um novo modo de viver, no qual conforto, economia e responsabilidade ambiental caminham lado a lado.<\/p>\n\n\n\n<h2 class=\"wp-block-heading\">Funcionalidades para diferentes estilos de vida<\/h2>\n\n\n\n<p>A proje\u00e7\u00e3o para 2026 mostra um mercado imobili\u00e1rio cada vez mais atento \u00e0s transforma\u00e7\u00f5es de comportamento. Os novos apartamentos passam a refletir rotinas contempor\u00e2neas de forma ainda mais profunda, com plantas pensadas para acompanhar a vida real: din\u00e2mica, multifuncional e marcada pela busca por efici\u00eancia.<\/p>\n\n\n\n<p>As plantas inteligentes e flex\u00edveis se consolidam definitivamente. <strong>Ambientes compactos, mas extremamente funcionais, ganham destaque ao integrar living, cozinha e \u00e1reas de trabalho de maneira fluida<\/strong>.&nbsp;<\/p>\n\n\n\n<p>O home office, que j\u00e1 havia se fortalecido nos \u00faltimos anos, torna-se um elemento padr\u00e3o nos projetos, seja como espa\u00e7o independente ou como extens\u00e3o adapt\u00e1vel de outros c\u00f4modos.<\/p>\n\n\n\n<p>As \u00e1reas comuns tamb\u00e9m avan\u00e7am para um novo patamar em 2026. Os empreendimentos passam a operar como verdadeiras extens\u00f5es da casa:<strong> espa\u00e7os gourmet completos, \u00e1reas verdes revitalizadas, ambientes de bem-estar e estruturas voltadas \u00e0 vida social e ao descanso<\/strong>.&nbsp;<\/p>\n\n\n\n<p>O foco \u00e9 ampliar o conforto e oferecer praticidade, reduzindo deslocamentos e enriquecendo a experi\u00eancia cotidiana dos moradores.<\/p>\n","protected":false},"excerpt":{"rendered":"<div class=\"tmnf_excerpt\"><div class=\"tmnf_excerpt\"><p>O mercado imobili\u00e1rio brasileiro est\u00e1 se preparando para um 2026 repleto de boas not\u00edcias e oportunidades para voc\u00ea e sua fam\u00edlia.&nbsp; As proje\u00e7\u00f5es apontam para um ambiente de maior solidez econ\u00f4mica, transformando este ano no momento ideal para realizar o sonho da casa pr\u00f3pria ou fazer um investimento inteligente e seguro.&nbsp; Para n\u00f3s, da Ergil &hellip;<\/p>\n<\/div><\/div>","protected":false},"author":2,"featured_media":4545,"comment_status":"closed","ping_status":"open","sticky":false,"template":"","format":"standard","meta":{"footnotes":""},"categories":[60],"tags":[45,50,41,133,136],"class_list":["post-4544","post","type-post","status-publish","format-standard","has-post-thumbnail","hentry","category-news","tag-apartamento","tag-contstrucao-civil","tag-investimento-2","tag-mercado-imobiliario-2","tag-tendencias"],"_links":{"self":[{"href":"https:\/\/www.ergil.com.br\/blog\/wp-json\/wp\/v2\/posts\/4544","targetHints":{"allow":["GET"]}}],"collection":[{"href":"https:\/\/www.ergil.com.br\/blog\/wp-json\/wp\/v2\/posts"}],"about":[{"href":"https:\/\/www.ergil.com.br\/blog\/wp-json\/wp\/v2\/types\/post"}],"author":[{"embeddable":true,"href":"https:\/\/www.ergil.com.br\/blog\/wp-json\/wp\/v2\/users\/2"}],"replies":[{"embeddable":true,"href":"https:\/\/www.ergil.com.br\/blog\/wp-json\/wp\/v2\/comments?post=4544"}],"version-history":[{"count":1,"href":"https:\/\/www.ergil.com.br\/blog\/wp-json\/wp\/v2\/posts\/4544\/revisions"}],"predecessor-version":[{"id":4546,"href":"https:\/\/www.ergil.com.br\/blog\/wp-json\/wp\/v2\/posts\/4544\/revisions\/4546"}],"wp:featuredmedia":[{"embeddable":true,"href":"https:\/\/www.ergil.com.br\/blog\/wp-json\/wp\/v2\/media\/4545"}],"wp:attachment":[{"href":"https:\/\/www.ergil.com.br\/blog\/wp-json\/wp\/v2\/media?parent=4544"}],"wp:term":[{"taxonomy":"category","embeddable":true,"href":"https:\/\/www.ergil.com.br\/blog\/wp-json\/wp\/v2\/categories?post=4544"},{"taxonomy":"post_tag","embeddable":true,"href":"https:\/\/www.ergil.com.br\/blog\/wp-json\/wp\/v2\/tags?post=4544"}],"curies":[{"name":"wp","href":"https:\/\/api.w.org\/{rel}","templated":true}]}}