{"id":4537,"date":"2025-11-20T17:28:29","date_gmt":"2025-11-20T20:28:29","guid":{"rendered":"https:\/\/www.ergil.com.br\/blog\/?p=4537"},"modified":"2025-11-20T17:28:30","modified_gmt":"2025-11-20T20:28:30","slug":"unique-tower-home-office","status":"publish","type":"post","link":"https:\/\/www.ergil.com.br\/blog\/unique-tower-home-office\/","title":{"rendered":"Unique Tower by Ergil: Equil\u00edbrio perfeito entre o Home e o Office"},"content":{"rendered":"\n<p>O <a href=\"https:\/\/promo.ergil.com.br\/unique-tower\">Unique Tower by Ergil<\/a> acaba de ser apresentado ao mercado e j\u00e1 demonstra seu impacto. O empreendimento alcan\u00e7ou <strong>99% das unidades vendidas no pr\u00e9-lan\u00e7amento<\/strong>, um resultado que refor\u00e7a a confian\u00e7a dos investidores e empresas no conceito e na proposta do projeto.&nbsp;<\/p>\n\n\n\n<p>Desde o an\u00fancio oficial, o Unique Tower tem chamado a aten\u00e7\u00e3o pelo design contempor\u00e2neo, pela combina\u00e7\u00e3o entre conveni\u00eancia e sofistica\u00e7\u00e3o e pela promessa de elevar a experi\u00eancia corporativa em uma das regi\u00f5es mais valorizadas da cidade.<\/p>\n\n\n\n<p><strong>Com 190 unidades comerciais, infraestrutura completa e ambientes projetados para oferecer funcionalidade no dia a dia, o Unique Tower se posiciona como um edif\u00edcio corporativo que dialoga com o futuro<\/strong>. Varandas panor\u00e2micas, mall integrado, hall moderno, acesso facilitado e circula\u00e7\u00e3o inteligente fazem parte de um conjunto pensado para atender empresas que buscam profissionaliza\u00e7\u00e3o dos espa\u00e7os e valoriza\u00e7\u00e3o no longo prazo.<\/p>\n\n\n\n<h2 class=\"wp-block-heading\">Um projeto que une localiza\u00e7\u00e3o estrat\u00e9gica e arquitetura atual<\/h2>\n\n\n\n<p>Um dos pontos que mais despertou interesse no lan\u00e7amento foi a localiza\u00e7\u00e3o. <strong>Situado no Parque Faber Castell, ao lado do Shopping Iguatemi e em uma \u00e1rea de expans\u00e3o corporativa, o Unique Tower oferece praticidade, visibilidade e alto potencial de valoriza\u00e7\u00e3o.&nbsp;<\/strong><\/p>\n\n\n\n<p>Essa combina\u00e7\u00e3o refor\u00e7a o car\u00e1ter estrat\u00e9gico do empreendimento e cria um ambiente ideal para empresas que desejam fortalecer sua presen\u00e7a e investir em endere\u00e7os de prest\u00edgio.<\/p>\n\n\n\n<p>A arquitetura contempor\u00e2nea, marcada por linhas modernas, ambientes amplos e integra\u00e7\u00e3o entre \u00e1reas comuns, tamb\u00e9m contribui para a identidade marcante do projeto.&nbsp;<\/p>\n\n\n\n<p>Cada espa\u00e7o foi pensado para oferecer conforto, fluidez e efici\u00eancia, desde o acesso ao edif\u00edcio at\u00e9 as salas superiores. A presen\u00e7a do mall integrado amplia a conveni\u00eancia di\u00e1ria, reduz deslocamentos e cria uma rotina mais funcional para profissionais e visitantes.<\/p>\n\n\n\n<h2 class=\"wp-block-heading\">Uma estrutura completa para neg\u00f3cios que buscam crescer<\/h2>\n\n\n\n<p>A infraestrutura do Unique Tower acompanha as demandas de empresas de diferentes portes e \u00e1reas de atua\u00e7\u00e3o. O projeto contar\u00e1 com sete elevadores de \u00faltima gera\u00e7\u00e3o, gerador, seguran\u00e7a 24 horas, docas para carga e descarga, estacionamento inteligente com valet e vagas destinadas para motos e bicicletas. Essas solu\u00e7\u00f5es tornam o cotidiano mais \u00e1gil, seguro e organizado.<\/p>\n\n\n\n<p>As \u00e1reas comuns como audit\u00f3rio, lounge, refeit\u00f3rio, recep\u00e7\u00e3o moderna e salas de reuni\u00e3o ser\u00e3o entregues decoradas e climatizadas, garantindo um padr\u00e3o elevado desde o primeiro dia de uso.&nbsp;<\/p>\n\n\n\n<p>As varandas panor\u00e2micas, presentes em diversas unidades, refor\u00e7am a sensa\u00e7\u00e3o de amplitude e valorizam a ilumina\u00e7\u00e3o natural, criando ambientes mais agrad\u00e1veis para trabalhar e receber clientes.<\/p>\n\n\n\n<p>Cada detalhe do Unique Tower foi pensado para proporcionar efici\u00eancia operacional e conforto est\u00e9tico, alinhando funcionalidade com um projeto arquitet\u00f4nico que realmente se destaca.<\/p>\n\n\n\n<h2 class=\"wp-block-heading\">Um empreendimento que nasce como refer\u00eancia corporativa<\/h2>\n\n\n\n<p><strong>O lan\u00e7amento do Unique Tower marca o in\u00edcio de uma nova etapa para o portf\u00f3lio da Ergil e refor\u00e7a o compromisso da empresa com projetos de alto padr\u00e3o, bem localizados e conectados \u00e0s necessidades reais do mercado<\/strong>.&nbsp;<\/p>\n\n\n\n<p>A velocidade de vendas no pr\u00e9-lan\u00e7amento demonstra a confian\u00e7a do p\u00fablico e antecipa o potencial que o empreendimento ter\u00e1 quando estiver em pleno funcionamento.<strong> \u00c0 medida que as obras avan\u00e7am, cresce tamb\u00e9m a expectativa pelo que o Unique Tower representar\u00e1 no cen\u00e1rio corporativo de S\u00e3o Carlos: um espa\u00e7o moderno, sofisticado e preparado para receber empresas que valorizam estrutura, posicionamento e experi\u00eancia.<\/strong><\/p>\n\n\n\n<h2 class=\"wp-block-heading\">Pronto para elevar o futuro dos seus neg\u00f3cios?<\/h2>\n\n\n\n<p>A Ergil desenvolveu o Unique Tower com o prop\u00f3sito de proporcionar experi\u00eancias corporativas mais modernas, eficientes e valorizadas.&nbsp;<\/p>\n\n\n\n<p>Se voc\u00ea busca um endere\u00e7o capaz de refor\u00e7ar a presen\u00e7a da sua marca, oferecer conforto ao seu time e garantir valoriza\u00e7\u00e3o no longo prazo, este \u00e9 o momento ideal para conversar com nossa equipe. Estamos \u00e0 disposi\u00e7\u00e3o para apresentar mais detalhes do projeto e orientar voc\u00ea sobre as poucas unidades ainda dispon\u00edveis. <a href=\"https:\/\/promo.ergil.com.br\/unique-tower\">Entre em contato e saiba mais sobre o empreendimento!&nbsp;<\/a><\/p>\n","protected":false},"excerpt":{"rendered":"<div class=\"tmnf_excerpt\"><div class=\"tmnf_excerpt\"><p>O Unique Tower by Ergil acaba de ser apresentado ao mercado e j\u00e1 demonstra seu impacto. O empreendimento alcan\u00e7ou 99% das unidades vendidas no pr\u00e9-lan\u00e7amento, um resultado que refor\u00e7a a confian\u00e7a dos investidores e empresas no conceito e na proposta do projeto.&nbsp; Desde o an\u00fancio oficial, o Unique Tower tem chamado a aten\u00e7\u00e3o pelo design &hellip;<\/p>\n<\/div><\/div>","protected":false},"author":2,"featured_media":4538,"comment_status":"closed","ping_status":"open","sticky":false,"template":"","format":"standard","meta":{"footnotes":""},"categories":[197],"tags":[41,133,193,196,194],"class_list":["post-4537","post","type-post","status-publish","format-standard","has-post-thumbnail","hentry","category-empreendimento","tag-investimento-2","tag-mercado-imobiliario-2","tag-pre-lancamento","tag-predio-comercial","tag-unidades-comerciais"],"_links":{"self":[{"href":"https:\/\/www.ergil.com.br\/blog\/wp-json\/wp\/v2\/posts\/4537","targetHints":{"allow":["GET"]}}],"collection":[{"href":"https:\/\/www.ergil.com.br\/blog\/wp-json\/wp\/v2\/posts"}],"about":[{"href":"https:\/\/www.ergil.com.br\/blog\/wp-json\/wp\/v2\/types\/post"}],"author":[{"embeddable":true,"href":"https:\/\/www.ergil.com.br\/blog\/wp-json\/wp\/v2\/users\/2"}],"replies":[{"embeddable":true,"href":"https:\/\/www.ergil.com.br\/blog\/wp-json\/wp\/v2\/comments?post=4537"}],"version-history":[{"count":1,"href":"https:\/\/www.ergil.com.br\/blog\/wp-json\/wp\/v2\/posts\/4537\/revisions"}],"predecessor-version":[{"id":4539,"href":"https:\/\/www.ergil.com.br\/blog\/wp-json\/wp\/v2\/posts\/4537\/revisions\/4539"}],"wp:featuredmedia":[{"embeddable":true,"href":"https:\/\/www.ergil.com.br\/blog\/wp-json\/wp\/v2\/media\/4538"}],"wp:attachment":[{"href":"https:\/\/www.ergil.com.br\/blog\/wp-json\/wp\/v2\/media?parent=4537"}],"wp:term":[{"taxonomy":"category","embeddable":true,"href":"https:\/\/www.ergil.com.br\/blog\/wp-json\/wp\/v2\/categories?post=4537"},{"taxonomy":"post_tag","embeddable":true,"href":"https:\/\/www.ergil.com.br\/blog\/wp-json\/wp\/v2\/tags?post=4537"}],"curies":[{"name":"wp","href":"https:\/\/api.w.org\/{rel}","templated":true}]}}