{"id":244,"date":"2022-07-01T19:06:42","date_gmt":"2022-07-01T19:06:42","guid":{"rendered":"https:\/\/ergil.com.br\/blog\/?p=244"},"modified":"2022-07-25T19:20:14","modified_gmt":"2022-07-25T19:20:14","slug":"madison-tower-integracao-de-ambientes","status":"publish","type":"post","link":"https:\/\/www.ergil.com.br\/blog\/madison-tower-integracao-de-ambientes\/","title":{"rendered":"Madison Tower em S\u00e3o Carlos &#8211; Integra\u00e7\u00e3o de ambientes"},"content":{"rendered":"\n<p>O Madison Tower em S\u00e3o Carlos \u00e9 um lan\u00e7amento que agrega em seu desenvolvimento o que h\u00e1 de mais novo e as maiores tend\u00eancias, tudo isso no melhor lugar para viver na cidade, o <a href=\"http:\/\/ergil.com.br\/blog\/2022\/05\/05\/parque-faber-porque-que-vale-a-pena-viver\/\" target=\"_blank\" rel=\"noreferrer noopener\">Parque Faber<\/a>.<\/p>\n\n\n\n<p>Afinal, a pandemia mudou a forma como as pessoas vivem e aproveitam suas casas. E hoje vamos falar de um dos grandes diferenciais do empreendimento.<\/p>\n\n\n\n<p><strong><a href=\"https:\/\/promo.ergil.com.br\/madison-tower\" target=\"_blank\" rel=\"noreferrer noopener\">Clique aqui e saiba mais sobre o Madison Tower<\/a><\/strong><\/p>\n\n\n\n<h2 class=\"wp-block-heading\">Integra\u00e7\u00e3o de ambientes<\/h2>\n\n\n\n<p>Uma das tend\u00eancias que vinham se fortalecendo no mercado imobili\u00e1rio \u00e9 o aproveitamento de todo o espa\u00e7o \u00fatil dos apartamentos. E esse movimento foi exacerbado ap\u00f3s a chegada da pandemia, e com isso a integra\u00e7\u00e3o de ambientes se tornou uma op\u00e7\u00e3o muito procurada.<\/p>\n\n\n\n<div class=\"wp-block-image\"><figure class=\"aligncenter is-resized\"><img fetchpriority=\"high\" decoding=\"async\" src=\"https:\/\/d335luupugsy2.cloudfront.net\/cms\/files\/143164\/1636114500\/$iqkhhe2onys\" alt=\"\" width=\"445\" height=\"508\"\/><figcaption>Madison Tower<\/figcaption><\/figure><\/div>\n\n\n\n<p>Com o seu lar sendo sua \u00fanica estadia, os moradores come\u00e7aram a observar pontos que nunca repararam. Menos paredes e divis\u00f3rias, mais espa\u00e7o para integra\u00e7\u00e3o de ambientes, otimizando o m\u00e1ximo poss\u00edvel o espa\u00e7o.<\/p>\n\n\n\n<p>Logo, um dos pontos que mais levaram a reformas foi para integrar a sacada e a sala de estar, que antes eram divididas por portas e paredes. Para tanto que \u00e9 um dos itens mais pedidos para os arquitetos em reformas.<\/p>\n\n\n\n<p>E o Madison Tower trouxe um grande diferencial nesse sentido: o empreendimento j\u00e1 \u00e9 entregue ao morador com a sala estendida, integrando o ambiente de lazer com o de confraterniza\u00e7\u00e3o &#8211; a sacada. Com isso, se ganha alguns benef\u00edcios importantes:<\/p>\n\n\n\n<ul class=\"wp-block-list\"><li>Mais espa\u00e7o para o ambiente e sensa\u00e7\u00e3o de amplitude;<\/li><li>Facilita a integra\u00e7\u00e3o com a \u00e1rea de TV e tamb\u00e9m a de jantar;<\/li><li>Luminosidade natural para todo o espa\u00e7o;<\/li><li>Aproveitamento do espa\u00e7o para uma confraterniza\u00e7\u00e3o com a fam\u00edlia e amigos.<\/li><li>E muito mais.<\/li><\/ul>\n\n\n\n<p>Logo, esse item t\u00e3o comum nos projetos de reforma de apartamentos, j\u00e1 vem garantido no momento em que as chaves s\u00e3o entregues ao morador. Basta decorar o espa\u00e7o e deix\u00e1-lo com o estilo e utiliza\u00e7\u00e3o que voc\u00ea deseja.<\/p>\n\n\n\n<h2 class=\"wp-block-heading\">Andamento das obras<\/h2>\n\n\n\n<figure class=\"wp-block-image size-large\"><img decoding=\"async\" width=\"768\" height=\"1024\" src=\"http:\/\/ergil.com.br\/blog\/wp-content\/uploads\/2022\/07\/Madison-Junho-2022.jpeg-768x1024.jpg\" alt=\"\" class=\"wp-image-253\" srcset=\"https:\/\/www.ergil.com.br\/blog\/wp-content\/uploads\/2022\/07\/Madison-Junho-2022.jpeg-768x1024.jpg 768w, https:\/\/www.ergil.com.br\/blog\/wp-content\/uploads\/2022\/07\/Madison-Junho-2022.jpeg-225x300.jpg 225w, https:\/\/www.ergil.com.br\/blog\/wp-content\/uploads\/2022\/07\/Madison-Junho-2022.jpeg-1152x1536.jpg 1152w, https:\/\/www.ergil.com.br\/blog\/wp-content\/uploads\/2022\/07\/Madison-Junho-2022.jpeg.jpg 1200w\" sizes=\"(max-width: 768px) 100vw, 768px\" \/><\/figure>\n\n\n\n<p>As obras do Madison Tower j\u00e1 come\u00e7aram a pleno vapor. S\u00e3o 6 op\u00e7\u00f5es de plantas, de 59 a 141m\u00b2, com op\u00e7\u00e3o de coberturas duplex.  <a href=\"https:\/\/promo.ergil.com.br\/madison-tower\">Se cadastre<\/a>, receba mais informa\u00e7\u00f5es e fale com nossa equipe. Mais esta emperrendimento com alto padr\u00e3o de qualidade da <a href=\"http:\/\/ergil.com.br\/\" target=\"_blank\" rel=\"noreferrer noopener\">ERGIL<\/a>.<\/p>\n","protected":false},"excerpt":{"rendered":"<div class=\"tmnf_excerpt\"><div class=\"tmnf_excerpt\"><p>O Madison Tower em S\u00e3o Carlos \u00e9 um lan\u00e7amento que agrega em seu desenvolvimento o que h\u00e1 de mais novo e as maiores tend\u00eancias, tudo isso no melhor lugar para viver na cidade, o Parque Faber. Afinal, a pandemia mudou a forma como as pessoas vivem e aproveitam suas casas. E hoje vamos falar de &hellip;<\/p>\n<\/div><\/div>","protected":false},"author":1,"featured_media":220,"comment_status":"open","ping_status":"open","sticky":false,"template":"","format":"standard","meta":{"footnotes":""},"categories":[],"tags":[],"class_list":["post-244","post","type-post","status-publish","format-standard","has-post-thumbnail","hentry"],"_links":{"self":[{"href":"https:\/\/www.ergil.com.br\/blog\/wp-json\/wp\/v2\/posts\/244","targetHints":{"allow":["GET"]}}],"collection":[{"href":"https:\/\/www.ergil.com.br\/blog\/wp-json\/wp\/v2\/posts"}],"about":[{"href":"https:\/\/www.ergil.com.br\/blog\/wp-json\/wp\/v2\/types\/post"}],"author":[{"embeddable":true,"href":"https:\/\/www.ergil.com.br\/blog\/wp-json\/wp\/v2\/users\/1"}],"replies":[{"embeddable":true,"href":"https:\/\/www.ergil.com.br\/blog\/wp-json\/wp\/v2\/comments?post=244"}],"version-history":[{"count":3,"href":"https:\/\/www.ergil.com.br\/blog\/wp-json\/wp\/v2\/posts\/244\/revisions"}],"predecessor-version":[{"id":254,"href":"https:\/\/www.ergil.com.br\/blog\/wp-json\/wp\/v2\/posts\/244\/revisions\/254"}],"wp:featuredmedia":[{"embeddable":true,"href":"https:\/\/www.ergil.com.br\/blog\/wp-json\/wp\/v2\/media\/220"}],"wp:attachment":[{"href":"https:\/\/www.ergil.com.br\/blog\/wp-json\/wp\/v2\/media?parent=244"}],"wp:term":[{"taxonomy":"category","embeddable":true,"href":"https:\/\/www.ergil.com.br\/blog\/wp-json\/wp\/v2\/categories?post=244"},{"taxonomy":"post_tag","embeddable":true,"href":"https:\/\/www.ergil.com.br\/blog\/wp-json\/wp\/v2\/tags?post=244"}],"curies":[{"name":"wp","href":"https:\/\/api.w.org\/{rel}","templated":true}]}}