{"id":238,"date":"2022-07-01T18:35:53","date_gmt":"2022-07-01T18:35:53","guid":{"rendered":"https:\/\/ergil.com.br\/blog\/?p=238"},"modified":"2022-07-25T19:10:34","modified_gmt":"2022-07-25T19:10:34","slug":"vermont-entrega","status":"publish","type":"post","link":"https:\/\/www.ergil.com.br\/blog\/vermont-entrega\/","title":{"rendered":"Vermont Residence: obras entregues em 09\/07"},"content":{"rendered":"\n<p>As obras do Vermont Residence ser\u00e3o entregues em 09\/07. \u00c9 mais um empreendimento no Parque Faber com a qualidade da ERGIL entregue dentro do prazo, de acordo com o planejado e pronto para ser o novo lar de quem n\u00e3o perdeu a chance de morar na melhor localiza\u00e7\u00e3o de S\u00e3o Carlos.<\/p>\n\n\n\n<p>O Vermont \u00e9 o empreendimento perfeito para os consumidores mais exigentes. Um projeto sofisticado e elaborado minuciosamente para oferecer o m\u00e1ximo em qualidade de vida, conforto e eleg\u00e2ncia. Tudo isso, na melhor localiza\u00e7\u00e3o da cidade. <\/p>\n\n\n\n<figure class=\"wp-block-image size-large\"><img fetchpriority=\"high\" decoding=\"async\" width=\"768\" height=\"1024\" src=\"https:\/\/ergil.com.br\/blog\/wp-content\/uploads\/2022\/06\/Vermont-Junho-2022-768x1024.jpg\" alt=\"\" class=\"wp-image-239\" srcset=\"https:\/\/www.ergil.com.br\/blog\/wp-content\/uploads\/2022\/06\/Vermont-Junho-2022-768x1024.jpg 768w, https:\/\/www.ergil.com.br\/blog\/wp-content\/uploads\/2022\/06\/Vermont-Junho-2022-225x300.jpg 225w, https:\/\/www.ergil.com.br\/blog\/wp-content\/uploads\/2022\/06\/Vermont-Junho-2022-1152x1536.jpg 1152w, https:\/\/www.ergil.com.br\/blog\/wp-content\/uploads\/2022\/06\/Vermont-Junho-2022.jpg 1200w\" sizes=\"(max-width: 768px) 100vw, 768px\" \/><\/figure>\n\n\n\n<h2 class=\"wp-block-heading\">Parque Faber<\/h2>\n\n\n\n<p>O Vermont est\u00e1 localizado no <a href=\"http:\/\/ergil.com.br\/blog\/2022\/05\/05\/parque-faber-porque-que-vale-a-pena-viver\/\">Parque Faber<\/a>, regi\u00e3o de S\u00e3o Carlos que mais recebe empreendimentos de alto padr\u00e3o, no ponto alto de S\u00e3o Carlos, ao lado do Shopping Iguatemi. Com facilidade de acesso e perto de tudo, realmente tudo, que voc\u00ea precisa. Trabalho, escola, lazer, supermercado, conveni\u00eancias, lojas, enfim, aliamos o m\u00e1ximo em sofistica\u00e7\u00e3o e conforto ao m\u00e1ximo em praticidade e qualidade de vida.<\/p>\n\n\n\n<p>A Ergil escolheu o Parque Faber para grande parte de seus empreendimentos: <a href=\"https:\/\/promo.ergil.com.br\/madison-tower\">Madison<\/a>,&nbsp;<a href=\"http:\/\/www.vermontresidence.com.br\/\">Vermont<\/a>,&nbsp;<a href=\"https:\/\/www.ergil.com.br\/empreendimentos\/elegance-residence\/\">Elegance<\/a>,&nbsp;<a href=\"https:\/\/promo.ergil.com.br\/atlantis-residence\">Atlantis<\/a>,&nbsp;<a href=\"https:\/\/ergil.com.br\/empreendimentos\/murano-residence\/\">Murano<\/a>,&nbsp;<a href=\"https:\/\/ergil.com.br\/empreendimentos\/jade-residence\/\">Jade<\/a>&nbsp;e&nbsp;<a href=\"https:\/\/ergil.com.br\/empreendimentos\/vista-nobre-residence\/\">Vista Nobre<\/a>. Op\u00e7\u00f5es e estilos para todos aqueles que querem viver bem.<\/p>\n\n\n\n<div class=\"wp-block-group\"><div class=\"wp-block-group__inner-container is-layout-flow wp-block-group-is-layout-flow\">\n<h2 class=\"wp-block-heading\">ANDAMENTO DE OBRA &#8211; VERMONT &#8211; JUNHO 2022<\/h2>\n\n\n\n<ul class=\"wp-block-list\"><li>Funda\u00e7\u00e3o &#8211; 100%<\/li><li>Estrutura &#8211; 100%<\/li><li>Instala\u00e7\u00f5es &#8211; 100%<\/li><li>Revestimento Interno &#8211; 100%<\/li><li>Revestimento Externo &#8211; 100%<\/li><\/ul>\n<\/div><\/div>\n\n\n\n<h2 class=\"wp-block-heading\">Conforto e Lazer <\/h2>\n\n\n\n<p>O Vermont conta com uma estrutura de conforto e lazer que faz jus ao seu estilo e padr\u00e3o. S\u00e3o facilidades para os moradores de todas as idades, estilos e configura\u00e7\u00f5es de fam\u00edlia. L\u00e1 voc\u00ea conta com: <\/p>\n\n\n\n<ul class=\"wp-block-list\"><li>Espa\u00e7os de lazer;<\/li><li>Espa\u00e7o Fitness;<\/li><li>Car Wash;<\/li><li>Lazer com churrasqueira e forno de pizza;<\/li><li>Playground;<\/li><li>Sal\u00e3o de festas gourmel;<\/li><li>Piscina adulto com deck molhado;<\/li><li>Piscina infatil;<\/li><li>SPA;<\/li><li>Espa\u00e7o Kids;<\/li><li>Bike share;<\/li><li>Pra\u00e7a de descanso e muito mais;<\/li><\/ul>\n\n\n\n<h2 class=\"wp-block-heading\">Vermont: detalhes que fazem a diferen\u00e7a<\/h2>\n\n\n\n<p>A constru\u00e7\u00e3o do Vermont contou com a aten\u00e7\u00e3o a pontos que fazem a diferen\u00e7a em empreendimentos modernos e inteligentes:<\/p>\n\n\n\n<ul class=\"wp-block-list\"><li> Prepara\u00e7\u00e3o de medi\u00e7\u00f5es individuais de \u00e1gua, energia e g\u00e1s;<\/li><li> Prepara\u00e7\u00e3o de ar condicionado Split;<\/li><li> Prepara\u00e7\u00e3o para aquecedor de \u00e1gua e g\u00e1s;<\/li><li> Torneiras monocomando;<\/li><li> Armazenamento de \u00e1gua de chuva;<\/li><li> \u00c1guas comuns mobiliadas e decoradas;<\/li><li> Garagens com dep\u00f3sitos individuais;<\/li><li> Varandas preparadas para envidra\u00e7amento;<\/li><li> Sistema PEX de \u00e1gua quente e fria;<\/li><li> Dormit\u00f3rios com redu\u00e7\u00e3o ac\u00fastica;<\/li><li> Infraestrutura para c\u00e2meras de seguran\u00e7a;<\/li><\/ul>\n\n\n\n<p>Tudo isso agora est\u00e1 a um passo de se tornar realidade aos novos moradores. A <a href=\"http:\/\/www.ergil.com.br\">Ergil<\/a> preza pelo prazo e pela qualidade de entrega, e est\u00e1 orgulhosa em poder oferecer mais este grande empreendimento para S\u00e3o Carlos. Bem vindo, Vermont! <\/p>\n","protected":false},"excerpt":{"rendered":"<div class=\"tmnf_excerpt\"><div class=\"tmnf_excerpt\"><p>As obras do Vermont Residence ser\u00e3o entregues em 09\/07. \u00c9 mais um empreendimento no Parque Faber com a qualidade da ERGIL entregue dentro do prazo, de acordo com o planejado e pronto para ser o novo lar de quem n\u00e3o perdeu a chance de morar na melhor localiza\u00e7\u00e3o de S\u00e3o Carlos. O Vermont \u00e9 o &hellip;<\/p>\n<\/div><\/div>","protected":false},"author":1,"featured_media":239,"comment_status":"open","ping_status":"open","sticky":false,"template":"","format":"standard","meta":{"footnotes":""},"categories":[],"tags":[],"class_list":["post-238","post","type-post","status-publish","format-standard","has-post-thumbnail","hentry"],"_links":{"self":[{"href":"https:\/\/www.ergil.com.br\/blog\/wp-json\/wp\/v2\/posts\/238","targetHints":{"allow":["GET"]}}],"collection":[{"href":"https:\/\/www.ergil.com.br\/blog\/wp-json\/wp\/v2\/posts"}],"about":[{"href":"https:\/\/www.ergil.com.br\/blog\/wp-json\/wp\/v2\/types\/post"}],"author":[{"embeddable":true,"href":"https:\/\/www.ergil.com.br\/blog\/wp-json\/wp\/v2\/users\/1"}],"replies":[{"embeddable":true,"href":"https:\/\/www.ergil.com.br\/blog\/wp-json\/wp\/v2\/comments?post=238"}],"version-history":[{"count":5,"href":"https:\/\/www.ergil.com.br\/blog\/wp-json\/wp\/v2\/posts\/238\/revisions"}],"predecessor-version":[{"id":249,"href":"https:\/\/www.ergil.com.br\/blog\/wp-json\/wp\/v2\/posts\/238\/revisions\/249"}],"wp:featuredmedia":[{"embeddable":true,"href":"https:\/\/www.ergil.com.br\/blog\/wp-json\/wp\/v2\/media\/239"}],"wp:attachment":[{"href":"https:\/\/www.ergil.com.br\/blog\/wp-json\/wp\/v2\/media?parent=238"}],"wp:term":[{"taxonomy":"category","embeddable":true,"href":"https:\/\/www.ergil.com.br\/blog\/wp-json\/wp\/v2\/categories?post=238"},{"taxonomy":"post_tag","embeddable":true,"href":"https:\/\/www.ergil.com.br\/blog\/wp-json\/wp\/v2\/tags?post=238"}],"curies":[{"name":"wp","href":"https:\/\/api.w.org\/{rel}","templated":true}]}}