{"id":197,"date":"2021-09-24T19:53:11","date_gmt":"2021-09-24T19:53:11","guid":{"rendered":"http:\/\/ergil.com.br\/blog\/?p=197"},"modified":"2021-09-27T17:08:13","modified_gmt":"2021-09-27T17:08:13","slug":"tudo-sobre-o-mercado-de-luxo-ergil-conecta","status":"publish","type":"post","link":"https:\/\/www.ergil.com.br\/blog\/tudo-sobre-o-mercado-de-luxo-ergil-conecta\/","title":{"rendered":"Tudo sobre o Mercado de Luxo &#8211; Ergil Conecta"},"content":{"rendered":"\n<p>Continuamos convidando as grandes personalidades e empres\u00e1rios do ramo imobili\u00e1rio para o Ergil Conecta, no nosso <a aria-label=\"undefined (opens in a new tab)\" href=\"https:\/\/www.youtube.com\/watch?v=x-yW_g2fqCg\" target=\"_blank\" rel=\"noreferrer noopener nofollow\">canal no Youtube<\/a>, onde falamos sobre diversos assuntos de interesse de todos. <br>J\u00e1 convidamos nomes como Italinho Cardinali, Camila Brasil e agora nossa entrevistada da vez foi Maria Aires, que \u00e9 propriet\u00e1ria da imobili\u00e1ria que leva seu nome e foca no mercado de im\u00f3veis para classe alta. <\/p>\n\n\n\n<p> Nessa conversa, Maria Aires conta como passaram esse per\u00edodo de pandemia em rela\u00e7\u00e3o \u00e0 crise. Na contram\u00e3o da maioria dos indicadores, os neg\u00f3cios no mercado de luxo tiveram crescimento acelerado. Crescimento acima, inclusive, das taxas do &#8220;boom imobili\u00e1rio&#8221; de 2014. <\/p>\n\n\n\n<p>Isso aconteceu pelo fato de as fam\u00edlias serem for\u00e7adas \u00e0 ficarem em casa cumprindo isolamento domiciliar e adaptar espa\u00e7os para estudos de filhos e trabalhos de seus pais, tudo ao mesmo tempo.<\/p>\n\n\n\n<p>A fuga para o interior de S\u00e3o Paulo tamb\u00e9m trouxe crescimento para nossa regi\u00e3o porque se adptaram \u00e0 localiza\u00e7\u00e3o e o chamado home office se tornou uma realidade que ser\u00e1 levada para depois da pandemia. <\/p>\n\n\n\n<p>Quer saber mais sobre os condom\u00ednios e pr\u00e9dios de alto luxo e como esse mercado est\u00e1 aquecido? Venha assisitir \u00e0 entrevista completa do Ergil Conecta:<\/p>\n\n\n\n<figure class=\"wp-block-embed-youtube wp-block-embed is-type-video is-provider-youtube wp-embed-aspect-16-9 wp-has-aspect-ratio\"><div class=\"wp-block-embed__wrapper\">\n<iframe title=\"Tudo sobre o MERCADO DE LUXO | Ergil Conecta\" width=\"1778\" height=\"1000\" src=\"https:\/\/www.youtube.com\/embed\/x-yW_g2fqCg?feature=oembed\" frameborder=\"0\" allow=\"accelerometer; autoplay; clipboard-write; encrypted-media; gyroscope; picture-in-picture; web-share\" referrerpolicy=\"strict-origin-when-cross-origin\" allowfullscreen><\/iframe>\n<\/div><\/figure>\n\n\n\n<p><\/p>\n\n\n\n<p><a href=\"https:\/\/ergil.com.br\/\">Conhe\u00e7a a Ergil<\/a>! <\/p>\n\n\n","protected":false},"excerpt":{"rendered":"<div class=\"tmnf_excerpt\"><div class=\"tmnf_excerpt\"><p>Continuamos convidando as grandes personalidades e empres\u00e1rios do ramo imobili\u00e1rio para o Ergil Conecta, no nosso canal no Youtube, onde falamos sobre diversos assuntos de interesse de todos. J\u00e1 convidamos nomes como Italinho Cardinali, Camila Brasil e agora nossa entrevistada da vez foi Maria Aires, que \u00e9 propriet\u00e1ria da imobili\u00e1ria que leva seu nome e &hellip;<\/p>\n<\/div><\/div>","protected":false},"author":1,"featured_media":199,"comment_status":"open","ping_status":"open","sticky":false,"template":"","format":"standard","meta":{"footnotes":""},"categories":[],"tags":[],"class_list":["post-197","post","type-post","status-publish","format-standard","has-post-thumbnail","hentry"],"_links":{"self":[{"href":"https:\/\/www.ergil.com.br\/blog\/wp-json\/wp\/v2\/posts\/197","targetHints":{"allow":["GET"]}}],"collection":[{"href":"https:\/\/www.ergil.com.br\/blog\/wp-json\/wp\/v2\/posts"}],"about":[{"href":"https:\/\/www.ergil.com.br\/blog\/wp-json\/wp\/v2\/types\/post"}],"author":[{"embeddable":true,"href":"https:\/\/www.ergil.com.br\/blog\/wp-json\/wp\/v2\/users\/1"}],"replies":[{"embeddable":true,"href":"https:\/\/www.ergil.com.br\/blog\/wp-json\/wp\/v2\/comments?post=197"}],"version-history":[{"count":2,"href":"https:\/\/www.ergil.com.br\/blog\/wp-json\/wp\/v2\/posts\/197\/revisions"}],"predecessor-version":[{"id":202,"href":"https:\/\/www.ergil.com.br\/blog\/wp-json\/wp\/v2\/posts\/197\/revisions\/202"}],"wp:featuredmedia":[{"embeddable":true,"href":"https:\/\/www.ergil.com.br\/blog\/wp-json\/wp\/v2\/media\/199"}],"wp:attachment":[{"href":"https:\/\/www.ergil.com.br\/blog\/wp-json\/wp\/v2\/media?parent=197"}],"wp:term":[{"taxonomy":"category","embeddable":true,"href":"https:\/\/www.ergil.com.br\/blog\/wp-json\/wp\/v2\/categories?post=197"},{"taxonomy":"post_tag","embeddable":true,"href":"https:\/\/www.ergil.com.br\/blog\/wp-json\/wp\/v2\/tags?post=197"}],"curies":[{"name":"wp","href":"https:\/\/api.w.org\/{rel}","templated":true}]}}