{"id":191,"date":"2021-08-06T14:11:26","date_gmt":"2021-08-06T14:11:26","guid":{"rendered":"http:\/\/ergil.com.br\/blog\/?p=191"},"modified":"2021-08-06T14:14:35","modified_gmt":"2021-08-06T14:14:35","slug":"marketing-na-pandemia-novo-comportamento-venda","status":"publish","type":"post","link":"https:\/\/www.ergil.com.br\/blog\/marketing-na-pandemia-novo-comportamento-venda\/","title":{"rendered":"Marketing na pandemia e o novo comportamento de venda"},"content":{"rendered":"\n<p>Mais um epis\u00f3dio do Ergil Conecta! O tema dessa vez \u00e9 &#8220;Marketing na pandemia e o novo comportamento de venda&#8221; e os convidados s\u00e3o referencia em marketing imobili\u00e1rio em S\u00e3o Carlos!  Mateus Botassi e Alex Castro se unem ao Tiago Sim\u00e3o para falar do que entendem e mais gostam: marketing e mercado imobili\u00e1rio. <\/p>\n\n\n\n<p>Nessa edi\u00e7\u00e3o, os representantes do departamento de marketing da <a aria-label=\"undefined (opens in a new tab)\" href=\"https:\/\/www.ergil.com.br\/\" target=\"_blank\" rel=\"noreferrer noopener\">Ergil<\/a> e <a aria-label=\"undefined (opens in a new tab)\" href=\"https:\/\/www.cardinali.com.br\/\" target=\"_blank\" rel=\"noreferrer noopener\">Imobili\u00e1ria Cardinali<\/a> falam sobre a acelera\u00e7\u00e3o do marketing digital na pandemia e as <a href=\"http:\/\/ergil.com.br\/blog\/2021\/08\/05\/mercado-imobiliario-na-pandemia-ergil-conecta\/\">mudan\u00e7as de consumo<\/a>, principalmente no mercado imobili\u00e1rio. <\/p>\n\n\n\n<p>Mateus come\u00e7ou falando sobre o poder da internet para a distribui\u00e7\u00e3o de informa\u00e7\u00f5es e como ferramentas de busca ajudam o usu\u00e1rio a encontrar respostas para absolutamente tudo!<\/p>\n\n\n\n<p>E \u00e9 nesse grande canal que moram as oportunidades encontradas pela Cardinali para cresceram durante a ano de 2020 e 2021. <\/p>\n\n\n\n<p>Teste de canais, diversidade de conte\u00fado, altern\u00e2ncia de produtos. Tudo isso, acompanhado de um bom planejamento e m\u00e9tricas bem definidas garantem conhecer seu  p\u00fablico e onde atingir melhores resultados.<\/p>\n\n\n\n<p>Quer saber mais sobre como o Marketing na pandemia alcan\u00e7ou tanta visibilidade? Assista essa conversa completa: <\/p>\n\n\n\n<figure class=\"wp-block-embed-youtube wp-block-embed is-type-video is-provider-youtube wp-embed-aspect-16-9 wp-has-aspect-ratio\"><div class=\"wp-block-embed__wrapper\">\n<iframe title=\"Marketing para o Mercado Imobili\u00e1rio - ERGIL CONECTA | Ep.03 com Alex e Mateus da Cardinali\" width=\"1778\" height=\"1000\" src=\"https:\/\/www.youtube.com\/embed\/GgEh1GhNBt0?start=90&#038;feature=oembed\" frameborder=\"0\" allow=\"accelerometer; autoplay; clipboard-write; encrypted-media; gyroscope; picture-in-picture; web-share\" referrerpolicy=\"strict-origin-when-cross-origin\" allowfullscreen><\/iframe>\n<\/div><\/figure>\n\n\n\n<p>Confira essa e outras entrevistas imperd\u00edveis no nosso canal! <\/p>\n","protected":false},"excerpt":{"rendered":"<div class=\"tmnf_excerpt\"><div class=\"tmnf_excerpt\"><p>Mais um epis\u00f3dio do Ergil Conecta! O tema dessa vez \u00e9 &#8220;Marketing na pandemia e o novo comportamento de venda&#8221; e os convidados s\u00e3o referencia em marketing imobili\u00e1rio em S\u00e3o Carlos! Mateus Botassi e Alex Castro se unem ao Tiago Sim\u00e3o para falar do que entendem e mais gostam: marketing e mercado imobili\u00e1rio. Nessa edi\u00e7\u00e3o, &hellip;<\/p>\n<\/div><\/div>","protected":false},"author":1,"featured_media":192,"comment_status":"open","ping_status":"open","sticky":false,"template":"","format":"standard","meta":{"footnotes":""},"categories":[],"tags":[],"class_list":["post-191","post","type-post","status-publish","format-standard","has-post-thumbnail","hentry"],"_links":{"self":[{"href":"https:\/\/www.ergil.com.br\/blog\/wp-json\/wp\/v2\/posts\/191","targetHints":{"allow":["GET"]}}],"collection":[{"href":"https:\/\/www.ergil.com.br\/blog\/wp-json\/wp\/v2\/posts"}],"about":[{"href":"https:\/\/www.ergil.com.br\/blog\/wp-json\/wp\/v2\/types\/post"}],"author":[{"embeddable":true,"href":"https:\/\/www.ergil.com.br\/blog\/wp-json\/wp\/v2\/users\/1"}],"replies":[{"embeddable":true,"href":"https:\/\/www.ergil.com.br\/blog\/wp-json\/wp\/v2\/comments?post=191"}],"version-history":[{"count":2,"href":"https:\/\/www.ergil.com.br\/blog\/wp-json\/wp\/v2\/posts\/191\/revisions"}],"predecessor-version":[{"id":195,"href":"https:\/\/www.ergil.com.br\/blog\/wp-json\/wp\/v2\/posts\/191\/revisions\/195"}],"wp:featuredmedia":[{"embeddable":true,"href":"https:\/\/www.ergil.com.br\/blog\/wp-json\/wp\/v2\/media\/192"}],"wp:attachment":[{"href":"https:\/\/www.ergil.com.br\/blog\/wp-json\/wp\/v2\/media?parent=191"}],"wp:term":[{"taxonomy":"category","embeddable":true,"href":"https:\/\/www.ergil.com.br\/blog\/wp-json\/wp\/v2\/categories?post=191"},{"taxonomy":"post_tag","embeddable":true,"href":"https:\/\/www.ergil.com.br\/blog\/wp-json\/wp\/v2\/tags?post=191"}],"curies":[{"name":"wp","href":"https:\/\/api.w.org\/{rel}","templated":true}]}}