{"id":187,"date":"2021-08-05T19:43:38","date_gmt":"2021-08-05T19:43:38","guid":{"rendered":"http:\/\/ergil.com.br\/blog\/?p=187"},"modified":"2021-08-05T19:51:35","modified_gmt":"2021-08-05T19:51:35","slug":"financiamento-imobiliario-ergil-conecta","status":"publish","type":"post","link":"https:\/\/www.ergil.com.br\/blog\/financiamento-imobiliario-ergil-conecta\/","title":{"rendered":"Financiamento Imobili\u00e1rio &#8211;  Ergil Conecta"},"content":{"rendered":"\n<p>Em mais uma conversa com grandes referencias do mercado o Ergil Conecta, s\u00e9rie de webin\u00e1rios sobre o mercado imobili\u00e1rio do interior paulista, trouxemos um assunto que interesse a grande maioria da popula\u00e7\u00e3o que deseja comprar um im\u00f3vel: financiamento imobili\u00e1rio. <\/p>\n\n\n\n<p>E para tratar de um assunto com tantas possibilidades contamos com a participa\u00e7\u00e3o da Karoline Santos e Camila Brasil, da <a aria-label=\"undefined (opens in a new tab)\" href=\"https:\/\/www.feli.com.vc\/#\" target=\"_blank\" rel=\"noreferrer noopener nofollow\">Fel\u00ed<\/a>, startup que atua como correspondente banc\u00e1rio que facilita o acesso ao cr\u00e9dito com processos automatizados e intelig\u00eancia de mercado. <\/p>\n\n\n\n<p>Karoline \u00e9 coordenadora de cr\u00e9dito e Camila \u00e9 gerente de marketing, juntas com o Tiago Sim\u00e3o, nosso diretor de marketing falaram sobre o passo a passo sobre avalia\u00e7\u00e3o de <a href=\"http:\/\/ergil.com.br\/blog\/2020\/09\/17\/quer-comprar-seu-imovel-conheca-os-bancos-com-as-menores-taxas\/\" target=\"_blank\" aria-label=\"undefined (opens in a new tab)\" rel=\"noreferrer noopener\">im\u00f3vel<\/a> e perfil do cliente e o que determina a concretiza\u00e7\u00e3o do neg\u00f3cio. <\/p>\n\n\n\n<h2 class=\"wp-block-heading\">An\u00e1lise do im\u00f3vel no financiamento imobili\u00e1rio <\/h2>\n\n\n\n<p>Karoline explica que todo im\u00f3vel precisa passar por uma aprova\u00e7\u00e3o em termos de engenharia e c\u00e1lculos. Isso assegura o valor de mercado desse empreendimento e se existe riscos estruturais. <\/p>\n\n\n\n<p>Al\u00e9m disso, o banco faz an\u00e1lise de perfil. Isso incluir score, perfil do cliente no mercado, hist\u00f3rico e com base nessas informa\u00e7\u00f5es, aprova, ou n\u00e3o, o cr\u00e9dito para esse cliente. <\/p>\n\n\n\n<p>Esses crit\u00e9rios variam de bancos para bancos, ent\u00e3o o perfil da pessoa f\u00edsica deve estar alinhado ao perfil de cliente ideal dessa institui\u00e7\u00e3o financeira.<\/p>\n\n\n\n<h2 class=\"wp-block-heading\">Negativa\u00e7\u00f5es durante a pandemia <\/h2>\n\n\n\n<p>Como uma pessoa consegue melhorar seu score para conseguir um financiamento imobili\u00e1rio favor\u00e1vel? Essa resposta \u00e9 certeira: o relacionamento com o banco faz toda a diferen\u00e7a! Al\u00e9m de tentar quitar suas d\u00edvidas em menor tempo, ser presente na vida financeira e ter uma parceria com a institui\u00e7\u00e3o s\u00e3o importantes no momento desse financiamento. <\/p>\n\n\n\n<p>Portanto, o SERASA n\u00e3o \u00e9 a \u00fanica fonte de valida\u00e7\u00e3o de um perfil comprador. \u00c9, sim um importante indicador, mas um banco avaliar muitas situa\u00e7\u00e3o da vida financeira dessa pessoa. <\/p>\n\n\n\n<p>Quer saber todos os detalhes dessa conversa e ir preparado buscar a melhor condi\u00e7\u00e3o de financiamento imobili\u00e1rio? Assista o v\u00eddeo na \u00edntegra: <\/p>\n\n\n\n<figure class=\"wp-block-embed-youtube wp-block-embed is-type-video is-provider-youtube wp-embed-aspect-16-9 wp-has-aspect-ratio\"><div class=\"wp-block-embed__wrapper\">\n<iframe title=\"ERGIL CONECTA | Tire suas d\u00favidas sobre cr\u00e9dito e financiamento\" width=\"1778\" height=\"1000\" src=\"https:\/\/www.youtube.com\/embed\/z2DYHwr0qVc?start=1&#038;feature=oembed\" frameborder=\"0\" allow=\"accelerometer; autoplay; clipboard-write; encrypted-media; gyroscope; picture-in-picture; web-share\" referrerpolicy=\"strict-origin-when-cross-origin\" allowfullscreen><\/iframe>\n<\/div><\/figure>\n\n\n\n<p>Aproveite e se inscreva l\u00e1 no canal! Estamos preparando muitos conte\u00fados relevantes para o mercado da nossa regi\u00e3o! <\/p>\n","protected":false},"excerpt":{"rendered":"<div class=\"tmnf_excerpt\"><div class=\"tmnf_excerpt\"><p>Em mais uma conversa com grandes referencias do mercado o Ergil Conecta, s\u00e9rie de webin\u00e1rios sobre o mercado imobili\u00e1rio do interior paulista, trouxemos um assunto que interesse a grande maioria da popula\u00e7\u00e3o que deseja comprar um im\u00f3vel: financiamento imobili\u00e1rio. E para tratar de um assunto com tantas possibilidades contamos com a participa\u00e7\u00e3o da Karoline Santos &hellip;<\/p>\n<\/div><\/div>","protected":false},"author":1,"featured_media":189,"comment_status":"open","ping_status":"open","sticky":false,"template":"","format":"standard","meta":{"footnotes":""},"categories":[],"tags":[],"class_list":["post-187","post","type-post","status-publish","format-standard","has-post-thumbnail","hentry"],"_links":{"self":[{"href":"https:\/\/www.ergil.com.br\/blog\/wp-json\/wp\/v2\/posts\/187","targetHints":{"allow":["GET"]}}],"collection":[{"href":"https:\/\/www.ergil.com.br\/blog\/wp-json\/wp\/v2\/posts"}],"about":[{"href":"https:\/\/www.ergil.com.br\/blog\/wp-json\/wp\/v2\/types\/post"}],"author":[{"embeddable":true,"href":"https:\/\/www.ergil.com.br\/blog\/wp-json\/wp\/v2\/users\/1"}],"replies":[{"embeddable":true,"href":"https:\/\/www.ergil.com.br\/blog\/wp-json\/wp\/v2\/comments?post=187"}],"version-history":[{"count":1,"href":"https:\/\/www.ergil.com.br\/blog\/wp-json\/wp\/v2\/posts\/187\/revisions"}],"predecessor-version":[{"id":190,"href":"https:\/\/www.ergil.com.br\/blog\/wp-json\/wp\/v2\/posts\/187\/revisions\/190"}],"wp:featuredmedia":[{"embeddable":true,"href":"https:\/\/www.ergil.com.br\/blog\/wp-json\/wp\/v2\/media\/189"}],"wp:attachment":[{"href":"https:\/\/www.ergil.com.br\/blog\/wp-json\/wp\/v2\/media?parent=187"}],"wp:term":[{"taxonomy":"category","embeddable":true,"href":"https:\/\/www.ergil.com.br\/blog\/wp-json\/wp\/v2\/categories?post=187"},{"taxonomy":"post_tag","embeddable":true,"href":"https:\/\/www.ergil.com.br\/blog\/wp-json\/wp\/v2\/tags?post=187"}],"curies":[{"name":"wp","href":"https:\/\/api.w.org\/{rel}","templated":true}]}}