{"id":182,"date":"2021-08-05T15:45:39","date_gmt":"2021-08-05T15:45:39","guid":{"rendered":"http:\/\/ergil.com.br\/blog\/?p=182"},"modified":"2021-08-05T15:53:54","modified_gmt":"2021-08-05T15:53:54","slug":"mercado-imobiliario-na-pandemia-ergil-conecta","status":"publish","type":"post","link":"https:\/\/www.ergil.com.br\/blog\/mercado-imobiliario-na-pandemia-ergil-conecta\/","title":{"rendered":"Mercado Imobili\u00e1rio na pandemia &#8211; Ergil Conecta"},"content":{"rendered":"\n<p>O Mercado Imobili\u00e1rio na Pandemia foi mais um epis\u00f3dio de nossa s\u00e9rie de Webin\u00e1rios sobre um setor t\u00e3o promissor e, ao mesmo tempo, t\u00e3o suscet\u00edvel \u00e0s mudan\u00e7as  de cen\u00e1rios econ\u00f4micos. <\/p>\n\n\n\n<p>E para esse tema convidamos uma referencia do mercado de S\u00e3o Carlos e regi\u00e3o, Italo Cardinali Filho, o Italinho, CEO da <a aria-label=\"undefined (opens in a new tab)\" href=\"https:\/\/www.cardinali.com.br\/\" target=\"_blank\" rel=\"noreferrer noopener\">Imobili\u00e1ria Cardinali<\/a>!  Nesse bate papo, falamos sobre o como a pandemia da COVID-19 mudou as rela\u00e7\u00f5es de consumo das pessoas e como a moradia se tornou importante, fato que gerou um aquecimento r\u00e1pido do setor. <\/p>\n\n\n\n<h2 class=\"wp-block-heading\">Loca\u00e7\u00e3o de Im\u00f3veis <\/h2>\n\n\n\n<p>O departamento de loca\u00e7\u00e3o das imobili\u00e1rias foi mais afetada do que o de vendas. Isso porque grande parte dos im\u00f3veis nessa situa\u00e7\u00e3o destinam-se \u00e0 estudantes das Universidades em S\u00e3o Carlos. O ensino remoto foi adotado pelo estado e a grande maioria dos jovens entregou as chaves de suas residencias e voltou para a casa de sua fam\u00edlia. <\/p>\n\n\n\n<p>Por isso muitos im\u00f3veis ficaram vagos , principalmente apartamentos pequenos localizados pr\u00f3ximos \u00e0 USP e UFSCar.<\/p>\n\n\n\n<p>Esse movimento todo gerou altos e baixos em rela\u00e7\u00e3o aos valores de aluguel e taxas de juros.<\/p>\n\n\n\n<h2 class=\"wp-block-heading\">Tipos de im\u00f3veis na pandemia <\/h2>\n\n\n\n<p>Italinho salientou uma caracter\u00edstica visivel durante esse per\u00edodo de isolamento social da sociedade: as fam\u00edlias da nossa regi\u00e3o, ap\u00f3s o susto inicial, come\u00e7aram a buscar im\u00f3veis mais afastados do centro e mais espa\u00e7osos, como ch\u00e1caras e <a href=\"http:\/\/ergil.com.br\/blog\/2021\/02\/18\/como-funciona-um-condominio\/\">condom\u00ednios<\/a>, por exemplo. <\/p>\n\n\n\n<p>No entanto, 2021 ainda \u00e9 um ano que pode haver surpresas. Quer saber mais sobre o Mercado imobili\u00e1rio na Regi\u00e3o e as perspectivas para esse ano? Acesse nosso canal do Youtube e assista esse e outros epis\u00f3dios do Ergil Conecta completos!<\/p>\n\n\n\n<figure class=\"wp-block-embed-youtube wp-block-embed is-type-video is-provider-youtube wp-embed-aspect-16-9 wp-has-aspect-ratio\"><div class=\"wp-block-embed__wrapper\">\n<iframe title=\"Mercado Imobili\u00e1rio na Pandemia - ERGIL CONECTA | Ep.02 com \u00cdtalo Cardinali\" width=\"1778\" height=\"1000\" src=\"https:\/\/www.youtube.com\/embed\/olsZxxQlrvQ?feature=oembed\" frameborder=\"0\" allow=\"accelerometer; autoplay; clipboard-write; encrypted-media; gyroscope; picture-in-picture; web-share\" referrerpolicy=\"strict-origin-when-cross-origin\" allowfullscreen><\/iframe>\n<\/div><\/figure>\n\n\n\n<p><\/p>\n","protected":false},"excerpt":{"rendered":"<div class=\"tmnf_excerpt\"><div class=\"tmnf_excerpt\"><p>O Mercado Imobili\u00e1rio na Pandemia foi mais um epis\u00f3dio de nossa s\u00e9rie de Webin\u00e1rios sobre um setor t\u00e3o promissor e, ao mesmo tempo, t\u00e3o suscet\u00edvel \u00e0s mudan\u00e7as de cen\u00e1rios econ\u00f4micos. E para esse tema convidamos uma referencia do mercado de S\u00e3o Carlos e regi\u00e3o, Italo Cardinali Filho, o Italinho, CEO da Imobili\u00e1ria Cardinali! Nesse bate &hellip;<\/p>\n<\/div><\/div>","protected":false},"author":1,"featured_media":185,"comment_status":"open","ping_status":"open","sticky":false,"template":"","format":"standard","meta":{"footnotes":""},"categories":[],"tags":[],"class_list":["post-182","post","type-post","status-publish","format-standard","has-post-thumbnail","hentry"],"_links":{"self":[{"href":"https:\/\/www.ergil.com.br\/blog\/wp-json\/wp\/v2\/posts\/182","targetHints":{"allow":["GET"]}}],"collection":[{"href":"https:\/\/www.ergil.com.br\/blog\/wp-json\/wp\/v2\/posts"}],"about":[{"href":"https:\/\/www.ergil.com.br\/blog\/wp-json\/wp\/v2\/types\/post"}],"author":[{"embeddable":true,"href":"https:\/\/www.ergil.com.br\/blog\/wp-json\/wp\/v2\/users\/1"}],"replies":[{"embeddable":true,"href":"https:\/\/www.ergil.com.br\/blog\/wp-json\/wp\/v2\/comments?post=182"}],"version-history":[{"count":1,"href":"https:\/\/www.ergil.com.br\/blog\/wp-json\/wp\/v2\/posts\/182\/revisions"}],"predecessor-version":[{"id":186,"href":"https:\/\/www.ergil.com.br\/blog\/wp-json\/wp\/v2\/posts\/182\/revisions\/186"}],"wp:featuredmedia":[{"embeddable":true,"href":"https:\/\/www.ergil.com.br\/blog\/wp-json\/wp\/v2\/media\/185"}],"wp:attachment":[{"href":"https:\/\/www.ergil.com.br\/blog\/wp-json\/wp\/v2\/media?parent=182"}],"wp:term":[{"taxonomy":"category","embeddable":true,"href":"https:\/\/www.ergil.com.br\/blog\/wp-json\/wp\/v2\/categories?post=182"},{"taxonomy":"post_tag","embeddable":true,"href":"https:\/\/www.ergil.com.br\/blog\/wp-json\/wp\/v2\/tags?post=182"}],"curies":[{"name":"wp","href":"https:\/\/api.w.org\/{rel}","templated":true}]}}