{"id":135,"date":"2020-10-29T14:26:45","date_gmt":"2020-10-29T14:26:45","guid":{"rendered":"http:\/\/ergil.com.br\/blog\/?p=135"},"modified":"2020-10-29T14:26:49","modified_gmt":"2020-10-29T14:26:49","slug":"vaga-de-garagem-em-condominio-conheca-os-diferentes-tipos","status":"publish","type":"post","link":"https:\/\/www.ergil.com.br\/blog\/vaga-de-garagem-em-condominio-conheca-os-diferentes-tipos\/","title":{"rendered":"Vaga de garagem em condom\u00ednio: conhe\u00e7a os diferentes tipos!"},"content":{"rendered":"\n<p>A <strong>Lei 4.591\/64<\/strong> permite que as incorporadoras denominem as vagas de garagem de 4 maneiras, uma vez determinado o tipo de vaga no registro de incorpora\u00e7\u00e3o (RI) n\u00e3o h\u00e1 mais possibilidade de altera\u00e7\u00e3o.\u00a0 <\/p>\n\n\n\n<p>Conhe\u00e7a os tipos de vagas que podem ser oferecidas nas incorpora\u00e7\u00f5es imobili\u00e1rias:<\/p>\n\n\n\n<h3 class=\"wp-block-heading\">1. Vaga como unidade aut\u00f4noma<\/h3>\n\n\n\n<p>Ser\u00e1 uma <strong>vaga privativa<\/strong>, que poder\u00e1 at\u00e9 ser comercializada dentro do condom\u00ednio (conforme Lei 12607\/20). Neste modelo o cliente possui duas escrituras, uma para a vaga(s) outra para o apto. <\/p>\n\n\n\n<h3 class=\"wp-block-heading\">2. Vaga como unidade n\u00e3o aut\u00f4noma\u00a0<\/h3>\n\n\n\n<p>Esta vaga <strong>faz parte da propriedade<\/strong>, ela possui apenas uma escritura que engloba vaga e apto, portando n\u00e3o pode ser negociada separadamente. <\/p>\n\n\n\n<p>Ela ser\u00e1 anunciada como \u00e1rea somada ao apto em si por ser parte <strong>integrante da unidade.<\/strong><\/p>\n\n\n\n<h3 class=\"wp-block-heading\">3. Vaga n\u00e3o aut\u00f4noma com direito de uso (coletiva)<\/h3>\n\n\n\n<p>Este modelo \u00e9 adotado quando <strong>n\u00e3o h\u00e1 vaga definida<\/strong>, ela poder\u00e1 ser sorteada, rotativa, ir\u00e1 depender da defini\u00e7\u00e3o do condom\u00ednio, mas ela n\u00e3o \u00e9 privativa.\u00a0<\/p>\n\n\n\n<h3 class=\"wp-block-heading\">4. Vagas n\u00e3o aut\u00f4nomas sem direito de uso\u00a0<\/h3>\n\n\n\n<p>Vagas direcionadas a visitantes, carga e descarga ou urg\u00eancias. N\u00e3o h\u00e1 escritura nem est\u00e1 atrelada a nenhum apto, e poder\u00e1 ser utilizada por todos pois \u00e9 uma \u00e1rea comum.<\/p>\n\n\n\n<p>Gostou do conte\u00fado? <strong>Ent\u00e3o compartilhe nas redes sociais com os seus amigos!<\/strong><\/p>\n","protected":false},"excerpt":{"rendered":"<div class=\"tmnf_excerpt\"><div class=\"tmnf_excerpt\"><p>A Lei 4.591\/64 permite que as incorporadoras denominem as vagas de garagem de 4 maneiras, uma vez determinado o tipo de vaga no registro de incorpora\u00e7\u00e3o (RI) n\u00e3o h\u00e1 mais possibilidade de altera\u00e7\u00e3o.\u00a0 Conhe\u00e7a os tipos de vagas que podem ser oferecidas nas incorpora\u00e7\u00f5es imobili\u00e1rias: 1. Vaga como unidade aut\u00f4noma Ser\u00e1 uma vaga privativa, que &hellip;<\/p>\n<\/div><\/div>","protected":false},"author":1,"featured_media":136,"comment_status":"open","ping_status":"open","sticky":false,"template":"","format":"standard","meta":{"footnotes":""},"categories":[],"tags":[],"class_list":["post-135","post","type-post","status-publish","format-standard","has-post-thumbnail","hentry"],"_links":{"self":[{"href":"https:\/\/www.ergil.com.br\/blog\/wp-json\/wp\/v2\/posts\/135","targetHints":{"allow":["GET"]}}],"collection":[{"href":"https:\/\/www.ergil.com.br\/blog\/wp-json\/wp\/v2\/posts"}],"about":[{"href":"https:\/\/www.ergil.com.br\/blog\/wp-json\/wp\/v2\/types\/post"}],"author":[{"embeddable":true,"href":"https:\/\/www.ergil.com.br\/blog\/wp-json\/wp\/v2\/users\/1"}],"replies":[{"embeddable":true,"href":"https:\/\/www.ergil.com.br\/blog\/wp-json\/wp\/v2\/comments?post=135"}],"version-history":[{"count":1,"href":"https:\/\/www.ergil.com.br\/blog\/wp-json\/wp\/v2\/posts\/135\/revisions"}],"predecessor-version":[{"id":137,"href":"https:\/\/www.ergil.com.br\/blog\/wp-json\/wp\/v2\/posts\/135\/revisions\/137"}],"wp:featuredmedia":[{"embeddable":true,"href":"https:\/\/www.ergil.com.br\/blog\/wp-json\/wp\/v2\/media\/136"}],"wp:attachment":[{"href":"https:\/\/www.ergil.com.br\/blog\/wp-json\/wp\/v2\/media?parent=135"}],"wp:term":[{"taxonomy":"category","embeddable":true,"href":"https:\/\/www.ergil.com.br\/blog\/wp-json\/wp\/v2\/categories?post=135"},{"taxonomy":"post_tag","embeddable":true,"href":"https:\/\/www.ergil.com.br\/blog\/wp-json\/wp\/v2\/tags?post=135"}],"curies":[{"name":"wp","href":"https:\/\/api.w.org\/{rel}","templated":true}]}}