{"id":113,"date":"2020-10-23T13:53:56","date_gmt":"2020-10-23T13:53:56","guid":{"rendered":"http:\/\/ergil.com.br\/blog\/?p=113"},"modified":"2020-10-23T14:27:13","modified_gmt":"2020-10-23T14:27:13","slug":"como-escolher-a-metragem-do-apartamento","status":"publish","type":"post","link":"https:\/\/www.ergil.com.br\/blog\/como-escolher-a-metragem-do-apartamento\/","title":{"rendered":"Como escolher a metragem do apartamento"},"content":{"rendered":"\n<p>A compra do apartamento pode se tornar um processo lento; pesquisa, negocia\u00e7\u00e3o, financiamento, tudo deve ser bem pensado. <\/p>\n\n\n\n<p>S\u00e3o muitas informa\u00e7\u00f5es a disposi\u00e7\u00e3o atualmente, e para n\u00e3o se perder nesse mar de informa\u00e7\u00e3o, <strong>vamos ajud\u00e1-lo.&nbsp;<\/strong><\/p>\n\n\n\n<p>O primeiro passo para a compra do im\u00f3vel \u00e9 se informar ao m\u00e1ximo sobre a construtora que oferece o produto de seu interesse. <\/p>\n\n\n\n<p>Pesquise o site, os empreendimentos entregues, as redes sociais, veja os coment\u00e1rios e pergunte ao corretor. S\u00e3o informa\u00e7\u00f5es importantes para entender sobre qualidade, prazo de entrega, atendimento ao cliente e atendimento p\u00f3s obra como forma de p\u00f3s venda.&nbsp;<\/p>\n\n\n\n<p><strong>O tamanho do Apartamento<\/strong><\/p>\n\n\n\n<p>N\u00e3o existe o melhor ou pior tamanho, tudo ir\u00e1 depender do seu objetivo. Voc\u00ea busca por moradia ou investimento? Solteiro(a), casado(a), filhos(as)? Cada quest\u00e3o ter\u00e1 uma op\u00e7\u00e3o recomendada.&nbsp;<\/p>\n\n\n\n<p>Infelizmente devido a pandemia o ficar em casa se tornou obrigat\u00f3rio, e talvez para muitos o home office se torne um novo meio de trabalho. Portanto, o espa\u00e7o interno e a \u00e1rea de lazer ser\u00e3o fatores importantes para qualquer decis\u00e3o de compra.<\/p>\n\n\n\n<p><strong>\u00c1rea do apartamento<\/strong><\/p>\n\n\n\n<p>A \u00e1rea total de um apartamento \u00e9 considerada a soma do apto em si mais a \u00e1rea da garagem e a \u00e1rea do dep\u00f3sito (quando houver). Essa pr\u00e1tica \u00e9 comum e est\u00e1 conforme a Lei. A dica \u00e9 sempre perguntar ao corretor qual a real \u00e1rea de cada parte anunciada. \u00c9 seu direito como cliente entender esses detalhes.<\/p>\n\n\n\n<p>Conhe\u00e7a melhor as defini\u00e7\u00f5es sobre os tipos de \u00e1rea utilizadas pelas construtoras de acordo com a Norma<strong> T\u00e9cnica 12.721<\/strong>.<\/p>\n\n\n\n<p><strong>\u00c1rea Privativa<\/strong><\/p>\n\n\n\n<figure class=\"wp-block-image size-large\"><img fetchpriority=\"high\" decoding=\"async\" width=\"1024\" height=\"651\" src=\"https:\/\/ergil.com.br\/blog\/wp-content\/uploads\/2020\/10\/foto-decorado-favaro-1024x651.png\" alt=\"\" class=\"wp-image-124\" srcset=\"https:\/\/www.ergil.com.br\/blog\/wp-content\/uploads\/2020\/10\/foto-decorado-favaro-1024x651.png 1024w, https:\/\/www.ergil.com.br\/blog\/wp-content\/uploads\/2020\/10\/foto-decorado-favaro-300x191.png 300w, https:\/\/www.ergil.com.br\/blog\/wp-content\/uploads\/2020\/10\/foto-decorado-favaro-768x488.png 768w, https:\/\/www.ergil.com.br\/blog\/wp-content\/uploads\/2020\/10\/foto-decorado-favaro.png 1200w\" sizes=\"(max-width: 1024px) 100vw, 1024px\" \/><\/figure>\n\n\n\n<p>\u00c9 a \u00e1rea do im\u00f3vel de uso exclusivo de seu propriet\u00e1rio. Agrega tudo o que \u00e9 privativo ao apartamento no edif\u00edcio, incluindo vagas de garagem e c\u00f4modos de despejo\/dep\u00f3sito quando forem de uso privativo.<\/p>\n\n\n\n<p><strong>\u00c1rea Comum<\/strong><\/p>\n\n\n\n<figure class=\"wp-block-image size-large\"><img decoding=\"async\" width=\"1024\" height=\"715\" src=\"https:\/\/ergil.com.br\/blog\/wp-content\/uploads\/2020\/10\/FJR9116-1024x715.png\" alt=\"\" class=\"wp-image-127\" srcset=\"https:\/\/www.ergil.com.br\/blog\/wp-content\/uploads\/2020\/10\/FJR9116-1024x715.png 1024w, https:\/\/www.ergil.com.br\/blog\/wp-content\/uploads\/2020\/10\/FJR9116-300x210.png 300w, https:\/\/www.ergil.com.br\/blog\/wp-content\/uploads\/2020\/10\/FJR9116-768x536.png 768w, https:\/\/www.ergil.com.br\/blog\/wp-content\/uploads\/2020\/10\/FJR9116.png 1200w\" sizes=\"(max-width: 1024px) 100vw, 1024px\" \/><\/figure>\n\n\n\n<p>Espa\u00e7os que podem ser utilizados por todos os moradores de um condom\u00ednio, tais como sal\u00e3o de festas, piscina, playground, portaria, \u00e1reas de circula\u00e7\u00e3o, entre outros.<\/p>\n\n\n\n<p><strong>\u00c1rea Total<\/strong><\/p>\n\n\n\n<p>A \u00e1rea total \u00e9 a soma da \u00e1rea privativa da unidade com a \u00e1rea comum de divis\u00e3o proporcional entre os cond\u00f4minos. Esse valor consta no registro de matricula do im\u00f3vel.<\/p>\n\n\n\n<p><strong>\u00c1rea \u00datil<\/strong><\/p>\n\n\n\n<p>Tamb\u00e9m conhecida como a \u00e1rea da vassoura, \u00e9 o espa\u00e7o dos compartimentos da unidade, descontadas as \u00e1reas das paredes e pilares.<\/p>\n\n\n\n<figure class=\"wp-block-image size-large\"><img decoding=\"async\" width=\"1024\" height=\"1024\" src=\"https:\/\/ergil.com.br\/blog\/wp-content\/uploads\/2020\/10\/PLANTA-HUMANIZADA_EDIFICIO-AF1_FINAL-3_2-DORM_R2-1024x1024.png\" alt=\"\" class=\"wp-image-131\" srcset=\"https:\/\/www.ergil.com.br\/blog\/wp-content\/uploads\/2020\/10\/PLANTA-HUMANIZADA_EDIFICIO-AF1_FINAL-3_2-DORM_R2-1024x1024.png 1024w, https:\/\/www.ergil.com.br\/blog\/wp-content\/uploads\/2020\/10\/PLANTA-HUMANIZADA_EDIFICIO-AF1_FINAL-3_2-DORM_R2-300x300.png 300w, https:\/\/www.ergil.com.br\/blog\/wp-content\/uploads\/2020\/10\/PLANTA-HUMANIZADA_EDIFICIO-AF1_FINAL-3_2-DORM_R2-150x150.png 150w, https:\/\/www.ergil.com.br\/blog\/wp-content\/uploads\/2020\/10\/PLANTA-HUMANIZADA_EDIFICIO-AF1_FINAL-3_2-DORM_R2-768x768.png 768w, https:\/\/www.ergil.com.br\/blog\/wp-content\/uploads\/2020\/10\/PLANTA-HUMANIZADA_EDIFICIO-AF1_FINAL-3_2-DORM_R2.png 1200w\" sizes=\"(max-width: 1024px) 100vw, 1024px\" \/><\/figure>\n\n\n\n<p><strong>Gostou deste conte\u00fado? J\u00e1 sabe como escolher a metragem ideal para o seu apartamento? Aproveite para compartilhar essas dicas com seus amigos nas redes sociais!<\/strong><\/p>\n","protected":false},"excerpt":{"rendered":"<div class=\"tmnf_excerpt\"><div class=\"tmnf_excerpt\"><p>A compra do apartamento pode se tornar um processo lento; pesquisa, negocia\u00e7\u00e3o, financiamento, tudo deve ser bem pensado. S\u00e3o muitas informa\u00e7\u00f5es a disposi\u00e7\u00e3o atualmente, e para n\u00e3o se perder nesse mar de informa\u00e7\u00e3o, vamos ajud\u00e1-lo.&nbsp; O primeiro passo para a compra do im\u00f3vel \u00e9 se informar ao m\u00e1ximo sobre a construtora que oferece o produto &hellip;<\/p>\n<\/div><\/div>","protected":false},"author":1,"featured_media":117,"comment_status":"open","ping_status":"open","sticky":false,"template":"","format":"standard","meta":{"footnotes":""},"categories":[],"tags":[],"class_list":["post-113","post","type-post","status-publish","format-standard","has-post-thumbnail","hentry"],"_links":{"self":[{"href":"https:\/\/www.ergil.com.br\/blog\/wp-json\/wp\/v2\/posts\/113","targetHints":{"allow":["GET"]}}],"collection":[{"href":"https:\/\/www.ergil.com.br\/blog\/wp-json\/wp\/v2\/posts"}],"about":[{"href":"https:\/\/www.ergil.com.br\/blog\/wp-json\/wp\/v2\/types\/post"}],"author":[{"embeddable":true,"href":"https:\/\/www.ergil.com.br\/blog\/wp-json\/wp\/v2\/users\/1"}],"replies":[{"embeddable":true,"href":"https:\/\/www.ergil.com.br\/blog\/wp-json\/wp\/v2\/comments?post=113"}],"version-history":[{"count":5,"href":"https:\/\/www.ergil.com.br\/blog\/wp-json\/wp\/v2\/posts\/113\/revisions"}],"predecessor-version":[{"id":259,"href":"https:\/\/www.ergil.com.br\/blog\/wp-json\/wp\/v2\/posts\/113\/revisions\/259"}],"wp:featuredmedia":[{"embeddable":true,"href":"https:\/\/www.ergil.com.br\/blog\/wp-json\/wp\/v2\/media\/117"}],"wp:attachment":[{"href":"https:\/\/www.ergil.com.br\/blog\/wp-json\/wp\/v2\/media?parent=113"}],"wp:term":[{"taxonomy":"category","embeddable":true,"href":"https:\/\/www.ergil.com.br\/blog\/wp-json\/wp\/v2\/categories?post=113"},{"taxonomy":"post_tag","embeddable":true,"href":"https:\/\/www.ergil.com.br\/blog\/wp-json\/wp\/v2\/tags?post=113"}],"curies":[{"name":"wp","href":"https:\/\/api.w.org\/{rel}","templated":true}]}}